{"id":929,"date":"2022-02-16T14:00:50","date_gmt":"2022-02-16T17:00:50","guid":{"rendered":"https:\/\/interessatb.com.br\/?p=929"},"modified":"2022-08-23T19:41:51","modified_gmt":"2022-08-23T22:41:51","slug":"aclamado-prefeito-de-telemaco-borba-e-eleito-presidente-do-consorcio-caminhos-do-tibagi","status":"publish","type":"post","link":"https:\/\/interessatb.com.br\/?p=929","title":{"rendered":"Aclamado, prefeito de Tel\u00eamaco Borba \u00e9 eleito presidente do Cons\u00f3rcio Caminhos do Tibagi"},"content":{"rendered":"\n<p>Em elei\u00e7\u00e3o por aclama\u00e7\u00e3o nesta quinta-feira, 15,  o prefeito de Tel\u00eamaco Borba M\u00e1rcio Artur de Matos foi conduzido \u00e0 presid\u00eancia do Cons\u00f3rcio Intermunicipal Caminhos do Tibagi. A elei\u00e7\u00e3o aconteceu no munic\u00edpio de Reserva pela manh\u00e3, na sede do Cons\u00f3rcio.<\/p>\n\n\n\n<p>Dr. M\u00e1rcio assumir\u00e1 o cargo no dia 01 de mar\u00e7o, para um mandato de dois anos. A chapa \u00e9 composta pela prefeita de Imba\u00fa, Dayane Sovinski (vice-presidente); o vice-prefeito de Ortigueira, Gilson Vinutti (tesoureiro); a vice-prefeita de Ipiranga, Ivonete Costa (secret\u00e1ria) e o vice-prefeito de Iva\u00ed, Orli de Cristo (rela\u00e7\u00f5es p\u00fablicas).<\/p>\n\n\n<div class=\"wp-block-image\">\n<figure class=\"alignleft size-full is-resized\"><img loading=\"lazy\" decoding=\"async\" src=\"http:\/\/interessatb.com.br\/wp-content\/uploads\/2022\/08\/logo-casotec.png\" alt=\"\" class=\"wp-image-980\" width=\"384\" height=\"320\"\/><\/figure>\n<\/div>\n\n\n<p>Participaram da reuni\u00e3o tamb\u00e9m os prefeitos de Reserva, Lucas Machado; de Tibagi, Arthur Ricardo Nolte (Butina); de Rio Branco do Iva\u00ed, Pedro Taborda e a prefeita de Carambe\u00ed, Elis\u00e2ngela Pedroso.<\/p>\n\n\n\n<p><strong>Veja tamb\u00e9m<\/strong><\/p>\n\n\n\n<p><a href=\"http:\/\/interessatb.com.br\/?p=925\">IFPR Campus Tel\u00eamaco Borba publica edital para a contrata\u00e7\u00e3o de estagi\u00e1rio\/a de Pedagogia<\/a><\/p>\n\n\n\n<p><a href=\"http:\/\/interessatb.com.br\/?p=857\">Prefeitura de Tibagi cancela o carnaval em 2022<\/a><\/p>\n\n\n\n<p>Conforme a \u00faltima altera\u00e7\u00e3o estatut\u00e1ria de novembro de 2016, o cons\u00f3rcio \u00e9 formado pelos munic\u00edpios de Curi\u00fava, Imba\u00fa, Ortigueira, Palmeira, Reserva, Rio Branco do Iva\u00ed, Figueira, Tamarana, Tel\u00eamaco Borba, Tibagi e Ventania. Dentre seus objetivos est\u00e1 propiciar o desenvolvimento pol\u00edtico, econ\u00f4mico e social do territ\u00f3rio que representa.<\/p>\n","protected":false},"excerpt":{"rendered":"<div class=\"mh-excerpt\"><p>Em elei\u00e7\u00e3o por aclama\u00e7\u00e3o nesta quinta-feira, 15, o prefeito de Tel\u00eamaco Borba M\u00e1rcio Artur de Matos foi conduzido \u00e0 presid\u00eancia do Cons\u00f3rcio Intermunicipal Caminhos do <a class=\"mh-excerpt-more\" href=\"https:\/\/interessatb.com.br\/?p=929\" title=\"Aclamado, prefeito de Tel\u00eamaco Borba \u00e9 eleito presidente do Cons\u00f3rcio Caminhos do Tibagi\">[&#8230;]<\/a><\/p>\n<\/div>","protected":false},"author":1,"featured_media":996,"comment_status":"closed","ping_status":"closed","sticky":false,"template":"","format":"standard","meta":{"footnotes":""},"categories":[13,14],"tags":[],"class_list":["post-929","post","type-post","status-publish","format-standard","has-post-thumbnail","hentry","category-politica","category-regiao"],"_links":{"self":[{"href":"https:\/\/interessatb.com.br\/index.php?rest_route=\/wp\/v2\/posts\/929","targetHints":{"allow":["GET"]}}],"collection":[{"href":"https:\/\/interessatb.com.br\/index.php?rest_route=\/wp\/v2\/posts"}],"about":[{"href":"https:\/\/interessatb.com.br\/index.php?rest_route=\/wp\/v2\/types\/post"}],"author":[{"embeddable":true,"href":"https:\/\/interessatb.com.br\/index.php?rest_route=\/wp\/v2\/users\/1"}],"replies":[{"embeddable":true,"href":"https:\/\/interessatb.com.br\/index.php?rest_route=%2Fwp%2Fv2%2Fcomments&post=929"}],"version-history":[{"count":5,"href":"https:\/\/interessatb.com.br\/index.php?rest_route=\/wp\/v2\/posts\/929\/revisions"}],"predecessor-version":[{"id":1407,"href":"https:\/\/interessatb.com.br\/index.php?rest_route=\/wp\/v2\/posts\/929\/revisions\/1407"}],"wp:featuredmedia":[{"embeddable":true,"href":"https:\/\/interessatb.com.br\/index.php?rest_route=\/wp\/v2\/media\/996"}],"wp:attachment":[{"href":"https:\/\/interessatb.com.br\/index.php?rest_route=%2Fwp%2Fv2%2Fmedia&parent=929"}],"wp:term":[{"taxonomy":"category","embeddable":true,"href":"https:\/\/interessatb.com.br\/index.php?rest_route=%2Fwp%2Fv2%2Fcategories&post=929"},{"taxonomy":"post_tag","embeddable":true,"href":"https:\/\/interessatb.com.br\/index.php?rest_route=%2Fwp%2Fv2%2Ftags&post=929"}],"curies":[{"name":"wp","href":"https:\/\/api.w.org\/{rel}","templated":true}]}}