{"id":956,"date":"2022-03-08T07:40:18","date_gmt":"2022-03-08T10:40:18","guid":{"rendered":"https:\/\/interessatb.com.br\/?p=956"},"modified":"2022-08-23T19:30:30","modified_gmt":"2022-08-23T22:30:30","slug":"apos-piracema-e-liberada-a-pesca-no-rio-tibagi","status":"publish","type":"post","link":"https:\/\/interessatb.com.br\/?p=956","title":{"rendered":"Ap\u00f3s piracema, \u00e9 liberada a pesca no rio Tibagi"},"content":{"rendered":"\n<p>Piracema chegou ao fim na \u00faltima segunda-feira (28). Depois de 120 dias de restri\u00e7\u00f5es, esp\u00e9cies nativas do Paran\u00e1 j\u00e1 podem ser pescadas normalmente.<\/p>\n\n\n\n<p>A Piracema, per\u00edodo de restri\u00e7\u00e3o \u00e0 pesca de esp\u00e9cies nativas para preservar a reprodu\u00e7\u00e3o, chega ao fim ap\u00f3s 120 dias. O per\u00edodo abrangeu desde o dia 01 de novembro do ano passado at\u00e9 esta segunda-feira (28). Assim, a pesca de qualquer esp\u00e9cie no Rio Tibagi e seus afluentes est\u00e1 liberada. A Piracema \u00e9 institu\u00edda com a finalidade de respeitar a reprodu\u00e7\u00e3o de todas as esp\u00e9cies nativas do Estado.<\/p>\n\n\n<div class=\"wp-block-image\">\n<figure class=\"alignleft size-full\"><img loading=\"lazy\" decoding=\"async\" width=\"300\" height=\"250\" src=\"http:\/\/interessatb.com.br\/wp-content\/uploads\/2022\/03\/baixa_resolucao_castelo.png\" alt=\"\" class=\"wp-image-987\"\/><\/figure>\n<\/div>\n\n\n<p><strong>Veja tamb\u00e9m<\/strong><\/p>\n\n\n\n<p><a href=\"http:\/\/interessatb.com.br\/?p=929\">Aclamado, prefeito de Tel\u00eamaco Borba \u00e9 eleito presidente do Cons\u00f3rcio Caminhos do Tibagi<\/a><\/p>\n\n\n\n<p><a href=\"http:\/\/interessatb.com.br\/?p=770\">Conv\u00eanio entre Klabin e Governo do Estado prev\u00ea R$ 450 milh\u00f5es em infraestrutura para a regi\u00e3o a partir de 2022<\/a><\/p>\n\n\n\n<p>Segundo a portaria Ibama n\u00ba 04 de 19 de mar\u00e7o de 2009 estabelece as normais gerais para o exerc\u00edcio da pesca amadora em todo territ\u00f3rio nacional. Interessante destacar que ela estipula a quantidade m\u00e1xima de 10 kg de pescado por pescador amador.<\/p>\n","protected":false},"excerpt":{"rendered":"<div class=\"mh-excerpt\"><p>Piracema chegou ao fim na \u00faltima segunda-feira (28). Depois de 120 dias de restri\u00e7\u00f5es, esp\u00e9cies nativas do Paran\u00e1 j\u00e1 podem ser pescadas normalmente. A Piracema, <a class=\"mh-excerpt-more\" href=\"https:\/\/interessatb.com.br\/?p=956\" title=\"Ap\u00f3s piracema, \u00e9 liberada a pesca no rio Tibagi\">[&#8230;]<\/a><\/p>\n<\/div>","protected":false},"author":1,"featured_media":986,"comment_status":"closed","ping_status":"closed","sticky":false,"template":"","format":"standard","meta":{"footnotes":""},"categories":[14],"tags":[],"class_list":["post-956","post","type-post","status-publish","format-standard","has-post-thumbnail","hentry","category-regiao"],"_links":{"self":[{"href":"https:\/\/interessatb.com.br\/index.php?rest_route=\/wp\/v2\/posts\/956","targetHints":{"allow":["GET"]}}],"collection":[{"href":"https:\/\/interessatb.com.br\/index.php?rest_route=\/wp\/v2\/posts"}],"about":[{"href":"https:\/\/interessatb.com.br\/index.php?rest_route=\/wp\/v2\/types\/post"}],"author":[{"embeddable":true,"href":"https:\/\/interessatb.com.br\/index.php?rest_route=\/wp\/v2\/users\/1"}],"replies":[{"embeddable":true,"href":"https:\/\/interessatb.com.br\/index.php?rest_route=%2Fwp%2Fv2%2Fcomments&post=956"}],"version-history":[{"count":5,"href":"https:\/\/interessatb.com.br\/index.php?rest_route=\/wp\/v2\/posts\/956\/revisions"}],"predecessor-version":[{"id":1398,"href":"https:\/\/interessatb.com.br\/index.php?rest_route=\/wp\/v2\/posts\/956\/revisions\/1398"}],"wp:featuredmedia":[{"embeddable":true,"href":"https:\/\/interessatb.com.br\/index.php?rest_route=\/wp\/v2\/media\/986"}],"wp:attachment":[{"href":"https:\/\/interessatb.com.br\/index.php?rest_route=%2Fwp%2Fv2%2Fmedia&parent=956"}],"wp:term":[{"taxonomy":"category","embeddable":true,"href":"https:\/\/interessatb.com.br\/index.php?rest_route=%2Fwp%2Fv2%2Fcategories&post=956"},{"taxonomy":"post_tag","embeddable":true,"href":"https:\/\/interessatb.com.br\/index.php?rest_route=%2Fwp%2Fv2%2Ftags&post=956"}],"curies":[{"name":"wp","href":"https:\/\/api.w.org\/{rel}","templated":true}]}}