{"id":964,"date":"2022-03-14T21:34:44","date_gmt":"2022-03-15T00:34:44","guid":{"rendered":"https:\/\/interessatb.com.br\/?p=964"},"modified":"2022-08-23T19:27:20","modified_gmt":"2022-08-23T22:27:20","slug":"alto-das-oliveiras-socomin-jd-uniao-jd-kroll-e-bairro-sao-roque-ficarao-sem-agua-neste-no-proximo-dia-17","status":"publish","type":"post","link":"https:\/\/interessatb.com.br\/?p=964","title":{"rendered":"Alto das Oliveiras, Socomin, Jd. Uni\u00e3o, Jd. Kroll e Bairro S\u00e3o Roque ficar\u00e3o sem \u00e1gua no pr\u00f3ximo dia 17"},"content":{"rendered":"\n<p>A Sanepar emitiu comunicado informando um desligamento programado. O motivo \u00e9 a manuten\u00e7\u00e3o da rede el\u00e9trica, o que provocar\u00e1 o desligamento no sistema de abastecimento da empresa.<\/p>\n\n\n<div class=\"wp-block-image\">\n<figure class=\"alignleft size-full is-resized\"><img loading=\"lazy\" decoding=\"async\" src=\"http:\/\/interessatb.com.br\/wp-content\/uploads\/2022\/08\/logo-casotec.png\" alt=\"\" class=\"wp-image-980\" width=\"410\" height=\"341\"\/><\/figure>\n<\/div>\n\n\n<p>A previs\u00e3o \u00e9 a descontinuidade no abastecimento no per\u00edodo das 13 \u00e0s 18 horas do dia 17 de mar\u00e7o. Conforme nota a previs\u00e3o e normalizar o abastecimento at\u00e9 a madrugada do dia 18, sexta-feira.<\/p>\n\n\n\n<p><strong>Veja tamb\u00e9m<\/strong><\/p>\n\n\n\n<p><a href=\"http:\/\/interessatb.com.br\/?p=956\">Ap\u00f3s piracema, \u00e9 liberada a pesca no rio Tibagi<\/a><\/p>\n\n\n\n<p><a href=\"http:\/\/interessatb.com.br\/?p=885\">Este ano tem elei\u00e7\u00f5es e prazo para regularizar situa\u00e7\u00e3o do t\u00edtulo de eleitor encerra dia 4 de maio<\/a><\/p>\n\n\n\n<p>Conforme orienta\u00e7\u00e3o da empresa e normas vigentes, as resid\u00eancias devem ser constru\u00eddas com caixa d&#8217;\u00e1gua com capacidade de reserva por 24 horas, o que garante o abastecimento nas resid\u00eancias nos per\u00edodos de manuten\u00e7\u00e3o programada.<\/p>\n","protected":false},"excerpt":{"rendered":"<div class=\"mh-excerpt\"><p>A Sanepar emitiu comunicado informando um desligamento programado. O motivo \u00e9 a manuten\u00e7\u00e3o da rede el\u00e9trica, o que provocar\u00e1 o desligamento no sistema de abastecimento <a class=\"mh-excerpt-more\" href=\"https:\/\/interessatb.com.br\/?p=964\" title=\"Alto das Oliveiras, Socomin, Jd. Uni\u00e3o, Jd. Kroll e Bairro S\u00e3o Roque ficar\u00e3o sem \u00e1gua no pr\u00f3ximo dia 17\">[&#8230;]<\/a><\/p>\n<\/div>","protected":false},"author":1,"featured_media":977,"comment_status":"closed","ping_status":"closed","sticky":false,"template":"","format":"standard","meta":{"footnotes":""},"categories":[2],"tags":[],"class_list":["post-964","post","type-post","status-publish","format-standard","has-post-thumbnail","hentry","category-cidade"],"_links":{"self":[{"href":"https:\/\/interessatb.com.br\/index.php?rest_route=\/wp\/v2\/posts\/964","targetHints":{"allow":["GET"]}}],"collection":[{"href":"https:\/\/interessatb.com.br\/index.php?rest_route=\/wp\/v2\/posts"}],"about":[{"href":"https:\/\/interessatb.com.br\/index.php?rest_route=\/wp\/v2\/types\/post"}],"author":[{"embeddable":true,"href":"https:\/\/interessatb.com.br\/index.php?rest_route=\/wp\/v2\/users\/1"}],"replies":[{"embeddable":true,"href":"https:\/\/interessatb.com.br\/index.php?rest_route=%2Fwp%2Fv2%2Fcomments&post=964"}],"version-history":[{"count":3,"href":"https:\/\/interessatb.com.br\/index.php?rest_route=\/wp\/v2\/posts\/964\/revisions"}],"predecessor-version":[{"id":1396,"href":"https:\/\/interessatb.com.br\/index.php?rest_route=\/wp\/v2\/posts\/964\/revisions\/1396"}],"wp:featuredmedia":[{"embeddable":true,"href":"https:\/\/interessatb.com.br\/index.php?rest_route=\/wp\/v2\/media\/977"}],"wp:attachment":[{"href":"https:\/\/interessatb.com.br\/index.php?rest_route=%2Fwp%2Fv2%2Fmedia&parent=964"}],"wp:term":[{"taxonomy":"category","embeddable":true,"href":"https:\/\/interessatb.com.br\/index.php?rest_route=%2Fwp%2Fv2%2Fcategories&post=964"},{"taxonomy":"post_tag","embeddable":true,"href":"https:\/\/interessatb.com.br\/index.php?rest_route=%2Fwp%2Fv2%2Ftags&post=964"}],"curies":[{"name":"wp","href":"https:\/\/api.w.org\/{rel}","templated":true}]}}